{"id":112,"date":"2023-10-28T21:49:19","date_gmt":"2023-10-28T21:49:19","guid":{"rendered":"https:\/\/antiziganism.org\/?p=112"},"modified":"2023-11-05T23:31:14","modified_gmt":"2023-11-05T23:31:14","slug":"antisemitismus","status":"publish","type":"post","link":"https:\/\/antiziganism.org\/?p=112","title":{"rendered":"Antisemitismus"},"content":{"rendered":"\n<p>Der Begriff <em>Antisemitismus<\/em> bezeichnet eine Form des Rassismus, die sich gegen Juden richtet. Er hat eine lange und tragische Geschichte, die bis ins Mittelalter zur\u00fcckreicht. Antisemitismus \u00e4u\u00dfert sich in Vorurteilen, Diskriminierung, Hass und in vielen F\u00e4llen auch in Gewalttaten gegen\u00fcber j\u00fcdischen Gemeinschaften.<\/p>\n\n\n\n<p>Die Ursachen f\u00fcr den Antisemitismus sind vielschichtig und k\u00f6nnen religi\u00f6se, wirtschaftliche, soziale und politische Elemente beinhalten. In der Geschichte hat er sich in verschiedenen Formen manifestiert, von der religi\u00f6sen Verfolgung im Mittelalter bis hin zum rassistischen Antisemitismus des 19. und 20. Jahrhunderts, der im Holocaust gipfelte.<\/p>\n","protected":false},"excerpt":{"rendered":"<p>Der Begriff Antisemitismus bezeichnet eine Form des Rassismus, die sich gegen Juden richtet. Er hat eine lange und tragische Geschichte, die bis ins Mittelalter zur\u00fcckreicht. Antisemitismus \u00e4u\u00dfert sich in Vorurteilen, Diskriminierung, Hass und in vielen F\u00e4llen auch in Gewalttaten gegen\u00fcber j\u00fcdischen Gemeinschaften. Die Ursachen f\u00fcr den Antisemitismus sind vielschichtig und k\u00f6nnen religi\u00f6se, wirtschaftliche, soziale und [&hellip;]<\/p>\n","protected":false},"author":1,"featured_media":1005,"comment_status":"closed","ping_status":"open","sticky":false,"template":"","format":"standard","meta":{"footnotes":""},"categories":[6],"tags":[206,188,14],"aioseo_notices":[],"_links":{"self":[{"href":"https:\/\/antiziganism.org\/index.php?rest_route=\/wp\/v2\/posts\/112"}],"collection":[{"href":"https:\/\/antiziganism.org\/index.php?rest_route=\/wp\/v2\/posts"}],"about":[{"href":"https:\/\/antiziganism.org\/index.php?rest_route=\/wp\/v2\/types\/post"}],"author":[{"embeddable":true,"href":"https:\/\/antiziganism.org\/index.php?rest_route=\/wp\/v2\/users\/1"}],"replies":[{"embeddable":true,"href":"https:\/\/antiziganism.org\/index.php?rest_route=%2Fwp%2Fv2%2Fcomments&post=112"}],"version-history":[{"count":4,"href":"https:\/\/antiziganism.org\/index.php?rest_route=\/wp\/v2\/posts\/112\/revisions"}],"predecessor-version":[{"id":1263,"href":"https:\/\/antiziganism.org\/index.php?rest_route=\/wp\/v2\/posts\/112\/revisions\/1263"}],"wp:featuredmedia":[{"embeddable":true,"href":"https:\/\/antiziganism.org\/index.php?rest_route=\/wp\/v2\/media\/1005"}],"wp:attachment":[{"href":"https:\/\/antiziganism.org\/index.php?rest_route=%2Fwp%2Fv2%2Fmedia&parent=112"}],"wp:term":[{"taxonomy":"category","embeddable":true,"href":"https:\/\/antiziganism.org\/index.php?rest_route=%2Fwp%2Fv2%2Fcategories&post=112"},{"taxonomy":"post_tag","embeddable":true,"href":"https:\/\/antiziganism.org\/index.php?rest_route=%2Fwp%2Fv2%2Ftags&post=112"}],"curies":[{"name":"wp","href":"https:\/\/api.w.org\/{rel}","templated":true}]}}