{"id":156,"date":"2023-10-28T21:58:01","date_gmt":"2023-10-28T21:58:01","guid":{"rendered":"https:\/\/antiziganism.org\/?p=156"},"modified":"2023-11-05T23:29:51","modified_gmt":"2023-11-05T23:29:51","slug":"anti-roma-rassismus","status":"publish","type":"post","link":"https:\/\/antiziganism.org\/?p=156","title":{"rendered":"Anti-Roma-Rassismus"},"content":{"rendered":"\n<p>Ersatzbegriff f\u00fcr Antiziganismus?<\/p>\n\n\n\n<p>Die Begrifflichkeit <em>Anti-Roma-Rassismus<\/em> hat sich nie vollst\u00e4ndig durchgesetzt. Stattdessen kommt dem Begriff <em>Antisemitismus<\/em> am n\u00e4chsten, wenn es darum geht, einen vergleichbaren Fachbegriff zu finden. Sowohl der Antisemitismus als auch der Antiziganismus der Nationalsozialisten wurden als Propagandainstrumente entwickelt und gezielt zur Verfolgung und Unterdr\u00fcckung der jeweiligen Gruppen eingesetzt.<\/p>\n\n\n\n<p>Die Verwendung des allgemeinen Begriffs <em>Rassismus<\/em> reicht nicht aus, um die spezifische Diskriminierung und Vorurteile gegen\u00fcber der Roma-Bev\u00f6lkerung angemessen zu beschreiben. Es ist entscheidend zu betonen, dass der Antiziganismus eine eigenst\u00e4ndige Form von Diskriminierung ist, die ihre eigenen historischen Wurzeln und Auspr\u00e4gungen hat.<\/p>\n\n\n\n<p><\/p>\n","protected":false},"excerpt":{"rendered":"<p>Ersatzbegriff f\u00fcr Antiziganismus? Die Begrifflichkeit Anti-Roma-Rassismus hat sich nie vollst\u00e4ndig durchgesetzt. Stattdessen kommt dem Begriff Antisemitismus am n\u00e4chsten, wenn es darum geht, einen vergleichbaren Fachbegriff zu finden. Sowohl der Antisemitismus als auch der Antiziganismus der Nationalsozialisten wurden als Propagandainstrumente entwickelt und gezielt zur Verfolgung und Unterdr\u00fcckung der jeweiligen Gruppen eingesetzt. Die Verwendung des allgemeinen Begriffs [&hellip;]<\/p>\n","protected":false},"author":1,"featured_media":1005,"comment_status":"closed","ping_status":"open","sticky":false,"template":"","format":"standard","meta":{"footnotes":""},"categories":[6],"tags":[290,188,14],"aioseo_notices":[],"_links":{"self":[{"href":"https:\/\/antiziganism.org\/index.php?rest_route=\/wp\/v2\/posts\/156"}],"collection":[{"href":"https:\/\/antiziganism.org\/index.php?rest_route=\/wp\/v2\/posts"}],"about":[{"href":"https:\/\/antiziganism.org\/index.php?rest_route=\/wp\/v2\/types\/post"}],"author":[{"embeddable":true,"href":"https:\/\/antiziganism.org\/index.php?rest_route=\/wp\/v2\/users\/1"}],"replies":[{"embeddable":true,"href":"https:\/\/antiziganism.org\/index.php?rest_route=%2Fwp%2Fv2%2Fcomments&post=156"}],"version-history":[{"count":2,"href":"https:\/\/antiziganism.org\/index.php?rest_route=\/wp\/v2\/posts\/156\/revisions"}],"predecessor-version":[{"id":814,"href":"https:\/\/antiziganism.org\/index.php?rest_route=\/wp\/v2\/posts\/156\/revisions\/814"}],"wp:featuredmedia":[{"embeddable":true,"href":"https:\/\/antiziganism.org\/index.php?rest_route=\/wp\/v2\/media\/1005"}],"wp:attachment":[{"href":"https:\/\/antiziganism.org\/index.php?rest_route=%2Fwp%2Fv2%2Fmedia&parent=156"}],"wp:term":[{"taxonomy":"category","embeddable":true,"href":"https:\/\/antiziganism.org\/index.php?rest_route=%2Fwp%2Fv2%2Fcategories&post=156"},{"taxonomy":"post_tag","embeddable":true,"href":"https:\/\/antiziganism.org\/index.php?rest_route=%2Fwp%2Fv2%2Ftags&post=156"}],"curies":[{"name":"wp","href":"https:\/\/api.w.org\/{rel}","templated":true}]}}