{"id":203,"date":"2023-10-28T22:31:46","date_gmt":"2023-10-28T22:31:46","guid":{"rendered":"https:\/\/antiziganism.org\/?p=203"},"modified":"2023-11-03T23:56:12","modified_gmt":"2023-11-03T23:56:12","slug":"ankommen-in-europa","status":"publish","type":"post","link":"https:\/\/antiziganism.org\/?p=203","title":{"rendered":"&#8222;Ankommen in Europa&#8220; &#8211; Die Anf\u00e4nge des Antiziganismus"},"content":{"rendered":"\n<p>Das Erscheinen der Roma in Europa im sp\u00e4ten Mittelalter markierte einen entscheidenden Wendepunkt in der europ\u00e4ischen Geschichte und war eng mit den geopolitischen Ereignissen dieser Zeit verkn\u00fcpft.<\/p>\n\n\n\n<p>Die Ankunft der Roma in Europa markiert den Ursprung des Antiziganismus, einer tief verwurzelten Diskriminierung und Vorurteilsbildung, die bis in die Gegenwart fortbesteht. Dieses Kapitel widmet sich dem historischen Kontext, der die Entstehung des Antiziganismus begleitete, und beleuchtet die Verbindung zwischen der Ankunft der Roma, der Wahrnehmung von Muslimen und Osmanen als Bedrohung sowie der Entwicklung von Muslim- und Islamfeindlichkeit im mittelalterlichen und fr\u00fchneuzeitlichen Europa.<\/p>\n\n\n\n<h2 class=\"wp-block-heading\">Die Ankunft der Roma: Eine Herausforderung f\u00fcr das mittelalterliche Europa<\/h2>\n\n\n\n<p>Die Roma sind eine ethnische Gruppe mit Wurzeln in Indien. Die erste dokumentierte Pr\u00e4senz von Roma in Europa datiert zur\u00fcck in das 14. Jahrhundert. Zur gleichen Zeit erlebte Europa eine Phase der Auseinandersetzung mit dem expandierenden Osmanischen Reich. Diese beiden Ereignisse, das Erscheinen der Roma und die Wahrnehmung der osmanischen Bedrohung, kollidierten in den K\u00f6pfen der europ\u00e4ischen Bev\u00f6lkerung.<\/p>\n\n\n\n<h2 class=\"wp-block-heading\">Die Entstehung von Muslim- und Islamfeindlichkeit im Mittelalter<\/h2>\n\n\n\n<p>Bereits im Mittelalter begann sich eine gewisse Muslim- und Islamfeindlichkeit in Europa zu manifestieren. Die Kreuzz\u00fcge des 11. bis 13. Jahrhunderts versch\u00e4rften diese Vorurteile zus\u00e4tzlich. Die muslimische Welt wurde als das &#8222;Andere&#8220; wahrgenommen, ein Feindbild, das sich in der europ\u00e4ischen Kultur und im kollektiven Ged\u00e4chtnis festsetzte. <\/p>\n\n\n\n<p>Gleichzeitig erlebte Europa eine Phase stark ausgepr\u00e4gter Muslim- und Islamfeindlichkeit, insbesondere w\u00e4hrend der Kriege gegen das Osmanische Reich und der Reconquista auf der Iberischen Halbinsel. Diese war eng mit hergenommen Vorurteilen gegen\u00fcber Muslimen, Osmanen und dem Islam verkn\u00fcpft. Die Verbindung zwischen diesen Vorurteilen und dem sich entwickelnden Antiziganismus ist von entscheidender Bedeutung f\u00fcr das Verst\u00e4ndnis der historischen Dynamiken.<\/p>\n\n\n\n<p>Die Muslim- und Islamfeindlichkeit im Mittelalter wurzelte in einer Vielzahl von Faktoren. Die Expansion des Osmanischen Reiches nach Europa, insbesondere nach dem Fall von Konstantinopel im Jahr 1453, l\u00f6ste \u00c4ngste und Ressentiments aus. Die Kriege zwischen den osmanischen Truppen und europ\u00e4ischen M\u00e4chten wie \u00d6sterreich und Ungarn f\u00fchrten zu einer starken Polarisierung zwischen Christen und Muslimen.<\/p>\n\n\n\n<p>Die Reconquista auf der Iberischen Halbinsel, die im 15. Jahrhundert ihren H\u00f6hepunkt erreichte, verst\u00e4rkte ebenfalls die Feindschaft gegen\u00fcber dem Islam. Die Vertreibung der muslimischen Bev\u00f6lkerung aus Spanien und die erzwungene Konversion zum Christentum trugen zur Entstehung eines tief verwurzelten Feindbildes bei.<\/p>\n\n\n\n<p>Die Roma wurden f\u00e4lschlicherweise mit den Osmanen und dem Islam assoziiert, obwohl sie selbst in der Regel nicht muslimischen Glaubens waren. Im Gegenteil. Die ersten die im europ\u00e4ischen Regionen auftauchten, waren die aus der Sklaverei gefl\u00fcchteten Roma und Sinti. Muslime durften nicht versklavt werden darum die Schlussfolgerung das die ersten, die kamen keine Muslime waren. Au\u00dferdem verblieben die Konvertierten logischerweise auf dem eroberten Territorium des Osmanischen Reiches in Europa.<\/p>\n\n\n\n<p>Die Verkn\u00fcpfung von Antiziganismus mit Muslim- und Islamfeindlichkeit im Mittelalter bildete somit den Grundstein f\u00fcr eine Ideologie, die Roma als &#8222;Fremde&#8220; und potenzielle Bedrohung f\u00fcr die europ\u00e4ische Gesellschaft etikettierte.<\/p>\n\n\n\n<h2 class=\"wp-block-heading\">Die Verkn\u00fcpfung von Roma und Muslimfeindlichkeit<\/h2>\n\n\n\n<p>Die zeitgleiche Pr\u00e4senz der Roma und die Verbreitung von Muslim- und Islamfeindlichkeit schufen eine gef\u00e4hrliche Allianz. Die Roma wurden als &#8222;fremdartig&#8220; wahrgenommen und mit der als bedrohlich empfundenen muslimischen Welt verkn\u00fcpft. Diese Assoziation f\u00fchrte zu einer D\u00e4monisierung der Roma als &#8222;fremde&#8220; und &#8222;gef\u00e4hrliche&#8220; Gruppe. <\/p>\n\n\n\n<p>Mit dem Auftauchen der Roma in Europa w\u00e4hrend des 14. Jahrhunderts fanden zwei \u201eAndere\u201c aufeinander: die muslimische Bev\u00f6lkerung auf der einen Seite und die Roma auf der anderen. Diese Begegnungen waren durch die Europ\u00e4er von Vorurteilen und Misstrauen gepr\u00e4gt. Die bereits bestehende Feindschaft gegen\u00fcber Muslimen f\u00e4rbte auf die Roma ab, und umgekehrt verst\u00e4rkte die Anwesenheit der Roma in einem christlich gepr\u00e4gten Umfeld die Wahrnehmung ihrer Andersartigkeit.<\/p>\n\n\n\n<h2 class=\"wp-block-heading\">Auswirkungen auf die Roma-Bev\u00f6lkerung<\/h2>\n\n\n\n<p>Diese Verbindung hatte verheerende Auswirkungen auf die Roma-Bev\u00f6lkerung in Europa. Sie wurden verst\u00e4rkt Opfer von Diskriminierung, Ausgrenzung und Gewalt. Die Idee der &#8222;fremden&#8220; und &#8222;gef\u00e4hrlichen&#8220; Roma fand Eingang in die politischen, sozialen und rechtlichen Strukturen vieler europ\u00e4ischer L\u00e4nder. <\/p>\n\n\n\n<p>Diese neu entstandene Dynamik schuf ein Narrativ, das die Roma als Fremde, als \u201eAnderen\u201c, als Bedrohung f\u00fcr die bestehende Ordnung darstellte. Diese Wahrnehmung f\u00fchrte in der Folge zu einer systematischen Unterdr\u00fcckung der Roma in Europa. Sie wurden verfolgt, aus ihren Gemeinschaften vertrieben, versklavt und oft in eine Position der Leibeigenschaft gedr\u00e4ngt.<\/p>\n\n\n\n<p>Ein grausames Beispiel f\u00fcr die Auswirkungen dieser Haltung war die Sklaverei und Leibeigenschaft der Roma in vielen Teilen Europas. Sie wurden enteignet, versklavt und in vielen F\u00e4llen wie Besitzt\u00fcmer behandelt. Diese Praxis, die auf dem rassistischen Konstrukt des Antiziganismus beruhte, wurde \u00fcber Jahrhunderte hinweg akzeptiert und institutionalisiert.<\/p>\n\n\n\n<p>Insgesamt zeigt sich in der Geschichte, wie die bereits existierende Muslim- und Islamfeindlichkeit im Mittelalter zur Entstehung des Antiziganismus beitrug. Die Roma wurden zum gern genommenen und Nat\u00fcrlichen S\u00fcndenb\u00f6cken f\u00fcr gesellschaftliche \u00c4ngste und Vorurteile gemacht.<\/p>\n\n\n\n<h2 class=\"wp-block-heading\">Beispiele historischer Diskriminierung<\/h2>\n\n\n\n<p>Ein beispielhaftes Ereignis war die Einf\u00fchrung von Gesetzen und Verordnungen, die die Bewegungsfreiheit der Roma stark einschr\u00e4nkten. Diese Gesetze erlaubten es, Roma zu versklaven, zu deportieren und in Leibeigenschaft zu halten. Sie wurden zu einer marginalisierten und stigmatisierten Gruppe, die unter systematischer Diskriminierung litt.<\/p>\n\n\n\n<p>Insgesamt zeigt die Geschichte, wie die Verkn\u00fcpfung von Roma, Muslim- und Islamfeindlichkeit zu einem N\u00e4hrboden f\u00fcr den Antiziganismus wurde, der bis heute fortbesteht. Dieser historische Kontext ist von entscheidender Bedeutung f\u00fcr das Verst\u00e4ndnis und die Bek\u00e4mpfung des Antiziganismus in der Gegenwart.<\/p>\n\n\n\n<h2 class=\"wp-block-heading\">Es ist wichtig, diese historischen Zusammenh\u00e4nge zu verstehen, um den Antiziganismus in seiner vollen Tragweite begreifen zu k\u00f6nnen.<\/h2>\n\n\n\n<p><em><strong>Beispiel:<\/strong><\/em><\/p>\n\n\n\n<p>Ein prominentes Beispiel f\u00fcr die Verkn\u00fcpfung von Antiziganismus mit Muslim- und Islamfeindlichkeit findet sich in den Schriften und Predigten f\u00fchrender Geistlicher und Intellektueller jener Zeit. Diese bedienten sich oft einer rassistisch-religi\u00f6sen Rhetorik, die sowohl gegen Muslime als auch gegen Roma gerichtet war. Die Diffamierung und Diskriminierung beider Gruppen wurden somit als Teil eines gemeinsamen Feindbildes konstruiert.<\/p>\n\n\n\n<h2 class=\"wp-block-heading\">Historische Beispiele f\u00fcr Antiziganismus Typ I Tradierter und Fremdenfeindlicher Antiziganismus:<\/h2>\n\n\n\n<figure class=\"wp-block-embed is-type-wp-embed is-provider-antiziganismus-org wp-block-embed-antiziganismus-org\"><div class=\"wp-block-embed__wrapper\">\n<blockquote class=\"wp-embedded-content\" data-secret=\"PBFIdbXVYi\"><a href=\"https:\/\/antiziganism.org\/?p=1098\">Historische Beispiele f\u00fcr Antiziganismus:\u00a0&#8222;Zigeunerprozesse&#8220; im 16. und 17. Jahrhundert<\/a><\/blockquote><iframe class=\"wp-embedded-content\" sandbox=\"allow-scripts\" security=\"restricted\" style=\"position: absolute; clip: rect(1px, 1px, 1px, 1px);\" title=\"&#8222;Historische Beispiele f\u00fcr Antiziganismus:\u00a0&#8222;Zigeunerprozesse&#8220; im 16. und 17. Jahrhundert&#8220; &#8212; Antiziganismus.org \" src=\"https:\/\/antiziganism.org\/?p=1098&#038;embed=true#?secret=cO2lGPQHAM#?secret=PBFIdbXVYi\" data-secret=\"PBFIdbXVYi\" width=\"500\" height=\"282\" frameborder=\"0\" marginwidth=\"0\" marginheight=\"0\" scrolling=\"no\"><\/iframe>\n<\/div><\/figure>\n\n\n\n<figure class=\"wp-block-embed is-type-wp-embed is-provider-antiziganismus-org wp-block-embed-antiziganismus-org\"><div class=\"wp-block-embed__wrapper\">\n<blockquote class=\"wp-embedded-content\" data-secret=\"OviGQGXqrn\"><a href=\"https:\/\/antiziganism.org\/?p=1094\">Historische Beispiele f\u00fcr Antiziganismus: Spanien 1721 &#8222;Great Roundup&#8220;<\/a><\/blockquote><iframe class=\"wp-embedded-content\" sandbox=\"allow-scripts\" security=\"restricted\" style=\"position: absolute; clip: rect(1px, 1px, 1px, 1px);\" title=\"&#8222;Historische Beispiele f\u00fcr Antiziganismus: Spanien 1721 &#8222;Great Roundup&#8220;&#8220; &#8212; Antiziganismus.org \" src=\"https:\/\/antiziganism.org\/?p=1094&#038;embed=true#?secret=SDsuarEKIG#?secret=OviGQGXqrn\" data-secret=\"OviGQGXqrn\" width=\"500\" height=\"282\" frameborder=\"0\" marginwidth=\"0\" marginheight=\"0\" scrolling=\"no\"><\/iframe>\n<\/div><\/figure>\n\n\n\n<figure class=\"wp-block-embed is-type-wp-embed is-provider-antiziganismus-org wp-block-embed-antiziganismus-org\"><div class=\"wp-block-embed__wrapper\">\n<blockquote class=\"wp-embedded-content\" data-secret=\"yqLflS8SSZ\"><a href=\"https:\/\/antiziganism.org\/?p=1082\">Historische Beispiele f\u00fcr Vorurteile: Rum\u00e4nien 14.-19. Jahrhundert Sklaverei<\/a><\/blockquote><iframe class=\"wp-embedded-content\" sandbox=\"allow-scripts\" security=\"restricted\" style=\"position: absolute; clip: rect(1px, 1px, 1px, 1px);\" title=\"&#8222;Historische Beispiele f\u00fcr Vorurteile: Rum\u00e4nien 14.-19. Jahrhundert Sklaverei&#8220; &#8212; Antiziganismus.org \" src=\"https:\/\/antiziganism.org\/?p=1082&#038;embed=true#?secret=Mq742vEqqh#?secret=yqLflS8SSZ\" data-secret=\"yqLflS8SSZ\" width=\"500\" height=\"282\" frameborder=\"0\" marginwidth=\"0\" marginheight=\"0\" scrolling=\"no\"><\/iframe>\n<\/div><\/figure>\n\n\n\n<figure class=\"wp-block-embed is-type-wp-embed is-provider-antiziganismus-org wp-block-embed-antiziganismus-org\"><div class=\"wp-block-embed__wrapper\">\n<blockquote class=\"wp-embedded-content\" data-secret=\"lpF3IqYvOV\"><a href=\"https:\/\/antiziganism.org\/?p=1078\">Historische Beispiele f\u00fcr Antiziganismus: Ungarn 18. Jahrundert &#8222;Roma-Registratur&#8220;<\/a><\/blockquote><iframe class=\"wp-embedded-content\" sandbox=\"allow-scripts\" security=\"restricted\" style=\"position: absolute; clip: rect(1px, 1px, 1px, 1px);\" title=\"&#8222;Historische Beispiele f\u00fcr Antiziganismus: Ungarn 18. Jahrundert &#8222;Roma-Registratur&#8220;&#8220; &#8212; Antiziganismus.org \" src=\"https:\/\/antiziganism.org\/?p=1078&#038;embed=true#?secret=upcIGslIJr#?secret=lpF3IqYvOV\" data-secret=\"lpF3IqYvOV\" width=\"500\" height=\"282\" frameborder=\"0\" marginwidth=\"0\" marginheight=\"0\" scrolling=\"no\"><\/iframe>\n<\/div><\/figure>\n","protected":false},"excerpt":{"rendered":"<p>Das Erscheinen der Roma in Europa im sp\u00e4ten Mittelalter markierte einen entscheidenden Wendepunkt in der europ\u00e4ischen Geschichte und war eng mit den geopolitischen Ereignissen dieser Zeit verkn\u00fcpft. Die Ankunft der Roma in Europa markiert den Ursprung des Antiziganismus, einer tief verwurzelten Diskriminierung und Vorurteilsbildung, die bis in die Gegenwart fortbesteht. Dieses Kapitel widmet sich dem [&hellip;]<\/p>\n","protected":false},"author":1,"featured_media":1004,"comment_status":"closed","ping_status":"open","sticky":false,"template":"","format":"standard","meta":{"footnotes":""},"categories":[7],"tags":[12,77,78,45],"aioseo_notices":[],"_links":{"self":[{"href":"https:\/\/antiziganism.org\/index.php?rest_route=\/wp\/v2\/posts\/203"}],"collection":[{"href":"https:\/\/antiziganism.org\/index.php?rest_route=\/wp\/v2\/posts"}],"about":[{"href":"https:\/\/antiziganism.org\/index.php?rest_route=\/wp\/v2\/types\/post"}],"author":[{"embeddable":true,"href":"https:\/\/antiziganism.org\/index.php?rest_route=\/wp\/v2\/users\/1"}],"replies":[{"embeddable":true,"href":"https:\/\/antiziganism.org\/index.php?rest_route=%2Fwp%2Fv2%2Fcomments&post=203"}],"version-history":[{"count":8,"href":"https:\/\/antiziganism.org\/index.php?rest_route=\/wp\/v2\/posts\/203\/revisions"}],"predecessor-version":[{"id":1124,"href":"https:\/\/antiziganism.org\/index.php?rest_route=\/wp\/v2\/posts\/203\/revisions\/1124"}],"wp:featuredmedia":[{"embeddable":true,"href":"https:\/\/antiziganism.org\/index.php?rest_route=\/wp\/v2\/media\/1004"}],"wp:attachment":[{"href":"https:\/\/antiziganism.org\/index.php?rest_route=%2Fwp%2Fv2%2Fmedia&parent=203"}],"wp:term":[{"taxonomy":"category","embeddable":true,"href":"https:\/\/antiziganism.org\/index.php?rest_route=%2Fwp%2Fv2%2Fcategories&post=203"},{"taxonomy":"post_tag","embeddable":true,"href":"https:\/\/antiziganism.org\/index.php?rest_route=%2Fwp%2Fv2%2Ftags&post=203"}],"curies":[{"name":"wp","href":"https:\/\/api.w.org\/{rel}","templated":true}]}}