{"id":242,"date":"2023-10-28T22:37:21","date_gmt":"2023-10-28T22:37:21","guid":{"rendered":"https:\/\/antiziganism.org\/?p=242"},"modified":"2023-10-29T22:28:03","modified_gmt":"2023-10-29T22:28:03","slug":"klan","status":"publish","type":"post","link":"https:\/\/antiziganism.org\/?p=242","title":{"rendered":"Klan"},"content":{"rendered":"\n<h3 class=\"wp-block-heading\">Antiziganismus Typ IV<\/h3>\n\n\n\n<p><strong>Romantisierender Antiziganismus<\/strong><\/p>\n\n\n\n<p><strong>Das Leben im Klan<\/strong>: Eine weitere stereotype Vorstellung, die im romantisierenden Antiziganismus vorkommt, ist die Idee, dass Roma in geschlossenen Familienklans leben. Diese Vorstellung kann zur \u00dcbergeneralisierung und Reduzierung der Roma auf ein einheitliches Klischee f\u00fchren und ihre Vielfalt und individuellen Lebensweisen \u00fcbersehen.<\/p>\n\n\n\n<p>Die Vorstellung eines starken famili\u00e4ren Zusammenhalts im Klan wird oft romantisiert. Dabei wird \u00fcbersehen, dass diese Struktur sowohl Schutz als auch soziale Kontrolle bedeuten kann. Zudem wird die Vielfalt der famili\u00e4ren Strukturen innerhalb der Roma-Gemeinschaft oft ignoriert.<\/p>\n\n\n\n<p><\/p>\n","protected":false},"excerpt":{"rendered":"<p>Antiziganismus Typ IV Romantisierender Antiziganismus Das Leben im Klan: Eine weitere stereotype Vorstellung, die im romantisierenden Antiziganismus vorkommt, ist die Idee, dass Roma in geschlossenen Familienklans leben. Diese Vorstellung kann zur \u00dcbergeneralisierung und Reduzierung der Roma auf ein einheitliches Klischee f\u00fchren und ihre Vielfalt und individuellen Lebensweisen \u00fcbersehen. Die Vorstellung eines starken famili\u00e4ren Zusammenhalts im [&hellip;]<\/p>\n","protected":false},"author":1,"featured_media":0,"comment_status":"closed","ping_status":"open","sticky":false,"template":"","format":"standard","meta":{"footnotes":""},"categories":[1],"tags":[12,114,113,112,77,78,111],"aioseo_notices":[],"_links":{"self":[{"href":"https:\/\/antiziganism.org\/index.php?rest_route=\/wp\/v2\/posts\/242"}],"collection":[{"href":"https:\/\/antiziganism.org\/index.php?rest_route=\/wp\/v2\/posts"}],"about":[{"href":"https:\/\/antiziganism.org\/index.php?rest_route=\/wp\/v2\/types\/post"}],"author":[{"embeddable":true,"href":"https:\/\/antiziganism.org\/index.php?rest_route=\/wp\/v2\/users\/1"}],"replies":[{"embeddable":true,"href":"https:\/\/antiziganism.org\/index.php?rest_route=%2Fwp%2Fv2%2Fcomments&post=242"}],"version-history":[{"count":2,"href":"https:\/\/antiziganism.org\/index.php?rest_route=\/wp\/v2\/posts\/242\/revisions"}],"predecessor-version":[{"id":577,"href":"https:\/\/antiziganism.org\/index.php?rest_route=\/wp\/v2\/posts\/242\/revisions\/577"}],"wp:attachment":[{"href":"https:\/\/antiziganism.org\/index.php?rest_route=%2Fwp%2Fv2%2Fmedia&parent=242"}],"wp:term":[{"taxonomy":"category","embeddable":true,"href":"https:\/\/antiziganism.org\/index.php?rest_route=%2Fwp%2Fv2%2Fcategories&post=242"},{"taxonomy":"post_tag","embeddable":true,"href":"https:\/\/antiziganism.org\/index.php?rest_route=%2Fwp%2Fv2%2Ftags&post=242"}],"curies":[{"name":"wp","href":"https:\/\/api.w.org\/{rel}","templated":true}]}}