{"id":497,"date":"2023-10-29T20:15:18","date_gmt":"2023-10-29T20:15:18","guid":{"rendered":"https:\/\/antiziganism.org\/?p=497"},"modified":"2023-10-29T21:28:25","modified_gmt":"2023-10-29T21:28:25","slug":"anerkennung-des-voelkermords","status":"publish","type":"post","link":"https:\/\/antiziganism.org\/?p=497","title":{"rendered":"Anerkennung des V\u00f6lkermords"},"content":{"rendered":"\n<h2 class=\"wp-block-heading\">Antiziganismus Typ III<\/h2>\n\n\n\n<p><strong>Nachkriegs-Antiziganismus als Kulturkodex<\/strong><\/p>\n\n\n\n<p>Bis in die 1980er Jahre hinein war die offizielle Anerkennung des V\u00f6lkermords an den Roma und Sinti nicht gegeben. Erst sp\u00e4t, im Jahr 1982, erfolgte durch Bundeskanzler Helmut Schmidt eine formelle Anerkennung des nationalsozialistischen V\u00f6lkermords an den Roma und Sinti. Diese sp\u00e4te Anerkennung zeugt von der langanhaltenden Verdr\u00e4ngung und Nicht-Aufarbeitung der historischen Verbrechen in allen europ\u00e4ischen Staaten.<\/p>\n\n\n\n<p>Die sp\u00e4te Anerkennung des V\u00f6lkermords an den Roma und Sinti  spiegelte die lange Zeit des Schweigens und der Leugnung in Bezug auf dieses Verbrechen wider. Dies trug zur Aufrechterhaltung des Antiziganismus Typ III bei.<\/p>\n\n\n\n<p>Erst 2012 wurde in Berlin das Denkmal f\u00fcr &#8222;Europ\u00e4ischen Roma und Sinti die w\u00e4hrend des Nationalsozialismus ermordet wurden&#8220; er\u00f6ffnet. 67 Jahre nach Kriegsende.<\/p>\n","protected":false},"excerpt":{"rendered":"<p>Antiziganismus Typ III Nachkriegs-Antiziganismus als Kulturkodex Bis in die 1980er Jahre hinein war die offizielle Anerkennung des V\u00f6lkermords an den Roma und Sinti nicht gegeben. Erst sp\u00e4t, im Jahr 1982, erfolgte durch Bundeskanzler Helmut Schmidt eine formelle Anerkennung des nationalsozialistischen V\u00f6lkermords an den Roma und Sinti. Diese sp\u00e4te Anerkennung zeugt von der langanhaltenden Verdr\u00e4ngung und [&hellip;]<\/p>\n","protected":false},"author":1,"featured_media":0,"comment_status":"closed","ping_status":"open","sticky":false,"template":"","format":"standard","meta":{"footnotes":""},"categories":[1],"tags":[12,103,19,77,78,89,102],"aioseo_notices":[],"_links":{"self":[{"href":"https:\/\/antiziganism.org\/index.php?rest_route=\/wp\/v2\/posts\/497"}],"collection":[{"href":"https:\/\/antiziganism.org\/index.php?rest_route=\/wp\/v2\/posts"}],"about":[{"href":"https:\/\/antiziganism.org\/index.php?rest_route=\/wp\/v2\/types\/post"}],"author":[{"embeddable":true,"href":"https:\/\/antiziganism.org\/index.php?rest_route=\/wp\/v2\/users\/1"}],"replies":[{"embeddable":true,"href":"https:\/\/antiziganism.org\/index.php?rest_route=%2Fwp%2Fv2%2Fcomments&post=497"}],"version-history":[{"count":2,"href":"https:\/\/antiziganism.org\/index.php?rest_route=\/wp\/v2\/posts\/497\/revisions"}],"predecessor-version":[{"id":525,"href":"https:\/\/antiziganism.org\/index.php?rest_route=\/wp\/v2\/posts\/497\/revisions\/525"}],"wp:attachment":[{"href":"https:\/\/antiziganism.org\/index.php?rest_route=%2Fwp%2Fv2%2Fmedia&parent=497"}],"wp:term":[{"taxonomy":"category","embeddable":true,"href":"https:\/\/antiziganism.org\/index.php?rest_route=%2Fwp%2Fv2%2Fcategories&post=497"},{"taxonomy":"post_tag","embeddable":true,"href":"https:\/\/antiziganism.org\/index.php?rest_route=%2Fwp%2Fv2%2Ftags&post=497"}],"curies":[{"name":"wp","href":"https:\/\/api.w.org\/{rel}","templated":true}]}}