{"id":545,"date":"2023-10-29T21:25:23","date_gmt":"2023-10-29T21:25:23","guid":{"rendered":"https:\/\/antiziganism.org\/?p=545"},"modified":"2023-11-04T22:18:31","modified_gmt":"2023-11-04T22:18:31","slug":"bericht-der-unabhaengigen-kommission-antiziganismus-2022","status":"publish","type":"post","link":"https:\/\/antiziganism.org\/?p=545","title":{"rendered":"&#8222;Bericht der unabh\u00e4ngigen Kommission Antiziganismus&#8220; 2021"},"content":{"rendered":"\n<p>Unser Extra f\u00fcr euch aus dem fast 700 Seiten Dokument: <\/p>\n\n\n\n<p><a href=\"https:\/\/antiziganism.org\/?p=595\">Alle Empfehlungen der UKA nach Themen<\/a><\/p>\n\n\n\n<p>Die Ver\u00f6ffentlichung des Berichts der Unabh\u00e4ngigen Kommission Antiziganismus markiert einen entscheidenden Meilenstein in der Auseinandersetzung mit Antiziganismus in Deutschland. Die Kommission, bestehend aus elf Experten aus den Bereichen Wissenschaft und Zivilgesellschaft, wurde vom Deutschen Bundestag beauftragt und konstituierte sich am 27. M\u00e4rz 2019. Das Gremium legte besonderen Wert darauf, die Perspektiven der Betroffenen in den Fokus zu r\u00fccken und gr\u00fcndete seine Erkenntnisse auf einer umfangreichen Datengrundlage von 15 aktuellen Studien, die von der Kommission initiiert wurden.<\/p>\n\n\n\n<p>Die Ergebnisse dieser Studien zeichnen ein alarmierendes Bild des Antiziganismus als ein massives gesamtgesellschaftliches Problem in Deutschland. Insbesondere institutioneller Antiziganismus wurde in verschiedenen gesellschaftlichen Sektoren nachgewiesen, darunter in kommunalen Verwaltungen, Schulb\u00fcchern und der Polizei. Die Daten zeigen, dass der Antiziganismus tief in den Strukturen der Gesellschaft verankert ist.<\/p>\n\n\n\n<p>Die von der Kommission abgeleiteten Handlungsempfehlungen sind \u00e4u\u00dferst pr\u00e4zise und richten sich konkret an die Verantwortlichen auf Bundes- und L\u00e4nderebene. Die Empfehlung zur Berufung von Beauftragten gegen Antiziganismus sowie zur Schaffung einer st\u00e4ndigen Bund-L\u00e4nder-Kommission ist von entscheidender Bedeutung, um die Bek\u00e4mpfung von Antiziganismus auf politischer H\u00f6chstebene zu verankern.<\/p>\n\n\n\n<p>Besondere Aufmerksamkeit wird auch der Frage der Wiedergutmachung des Unrechts gegen\u00fcber Sinti und Roma gewidmet. Die Kommission betont die Dringlichkeit, bestehende Defizite unverz\u00fcglich auszugleichen. Die Empfehlung zur Einrichtung einer von Perspektiven Sinti und Roma gepr\u00e4gten Wahrheitskommission stellt einen wichtigen Schritt dar, um die Aufarbeitung der sogenannten Zweiten Verfolgung nach 1945 anzusto\u00dfen.<\/p>\n\n\n\n<p>Obwohl Vertreter von Roma und Sinti Verb\u00e4nden anfangs kritisch gegen\u00fcber der Kommission standen, erkennen sie nun die herausragende Arbeit an, die in die Erstellung dieses Berichts geflossen ist. Der Bericht der Unabh\u00e4ngigen Kommission Antiziganismus tr\u00e4gt ma\u00dfgeblich dazu bei, das Bewusstsein f\u00fcr Antiziganismus zu sch\u00e4rfen und markiert einen Wendepunkt in der deutschen Arbeit gegen diese Form von Diskriminierung.<\/p>\n\n\n\n<p>Insgesamt pr\u00e4sentiert der Bericht eine detaillierte und fundierte Analyse des Antiziganismus in Deutschland und bietet klare Handlungsempfehlungen, die darauf abzielen, eine inklusivere und gerechtere Gesellschaft zu schaffen, in der Sinti und Roma frei von Diskriminierung und Vorurteilen leben k\u00f6nnen.<\/p>\n\n\n\n<p><\/p>\n\n\n\n<div class=\"wp-block-file\"><object class=\"wp-block-file__embed\" data=\"https:\/\/antiziganism.org\/wp-content\/uploads\/2023\/10\/bericht-unabhaengige-kommission-Antiziganismus-1.pdf\" type=\"application\/pdf\" style=\"width:100%;height:600px\" aria-label=\"Einbettung von bericht-unabhaengige-kommission-Antiziganismus-1.\"><\/object><a id=\"wp-block-file--media-6725a510-54d5-43ae-8b6a-a0ce1ca97e40\" href=\"https:\/\/antiziganism.org\/wp-content\/uploads\/2023\/10\/bericht-unabhaengige-kommission-Antiziganismus-1.pdf\">bericht-unabhaengige-kommission-Antiziganismus-1<\/a><a href=\"https:\/\/antiziganism.org\/wp-content\/uploads\/2023\/10\/bericht-unabhaengige-kommission-Antiziganismus-1.pdf\" class=\"wp-block-file__button wp-element-button\" download aria-describedby=\"wp-block-file--media-6725a510-54d5-43ae-8b6a-a0ce1ca97e40\">Herunterladen<\/a><\/div>\n","protected":false},"excerpt":{"rendered":"<p>Unser Extra f\u00fcr euch aus dem fast 700 Seiten Dokument: Alle Empfehlungen der UKA nach Themen Die Ver\u00f6ffentlichung des Berichts der Unabh\u00e4ngigen Kommission Antiziganismus markiert einen entscheidenden Meilenstein in der Auseinandersetzung mit Antiziganismus in Deutschland. Die Kommission, bestehend aus elf Experten aus den Bereichen Wissenschaft und Zivilgesellschaft, wurde vom Deutschen Bundestag beauftragt und konstituierte sich [&hellip;]<\/p>\n","protected":false},"author":1,"featured_media":782,"comment_status":"closed","ping_status":"open","sticky":false,"template":"","format":"standard","meta":{"footnotes":""},"categories":[154,7],"tags":[150,100,151,153,228,229,227,77,78,45,74,89,111,155,93],"aioseo_notices":[],"_links":{"self":[{"href":"https:\/\/antiziganism.org\/index.php?rest_route=\/wp\/v2\/posts\/545"}],"collection":[{"href":"https:\/\/antiziganism.org\/index.php?rest_route=\/wp\/v2\/posts"}],"about":[{"href":"https:\/\/antiziganism.org\/index.php?rest_route=\/wp\/v2\/types\/post"}],"author":[{"embeddable":true,"href":"https:\/\/antiziganism.org\/index.php?rest_route=\/wp\/v2\/users\/1"}],"replies":[{"embeddable":true,"href":"https:\/\/antiziganism.org\/index.php?rest_route=%2Fwp%2Fv2%2Fcomments&post=545"}],"version-history":[{"count":4,"href":"https:\/\/antiziganism.org\/index.php?rest_route=\/wp\/v2\/posts\/545\/revisions"}],"predecessor-version":[{"id":1165,"href":"https:\/\/antiziganism.org\/index.php?rest_route=\/wp\/v2\/posts\/545\/revisions\/1165"}],"wp:featuredmedia":[{"embeddable":true,"href":"https:\/\/antiziganism.org\/index.php?rest_route=\/wp\/v2\/media\/782"}],"wp:attachment":[{"href":"https:\/\/antiziganism.org\/index.php?rest_route=%2Fwp%2Fv2%2Fmedia&parent=545"}],"wp:term":[{"taxonomy":"category","embeddable":true,"href":"https:\/\/antiziganism.org\/index.php?rest_route=%2Fwp%2Fv2%2Fcategories&post=545"},{"taxonomy":"post_tag","embeddable":true,"href":"https:\/\/antiziganism.org\/index.php?rest_route=%2Fwp%2Fv2%2Ftags&post=545"}],"curies":[{"name":"wp","href":"https:\/\/api.w.org\/{rel}","templated":true}]}}